

{"id":14860,"date":"2024-05-01T23:47:08","date_gmt":"2024-05-01T21:47:08","guid":{"rendered":"https:\/\/www.ceas-burkina.org\/?p=14860"},"modified":"2024-05-01T23:53:11","modified_gmt":"2024-05-01T21:53:11","slug":"13e-ago-du-ceas-burkina","status":"publish","type":"post","link":"http:\/\/www.ceas-burkina.org\/?p=14860","title":{"rendered":"13e AGO du CEAS Burkina"},"content":{"rendered":"\t\t<div data-elementor-type=\"wp-post\" data-elementor-id=\"14860\" class=\"elementor elementor-14860\">\n\t\t\t\t<div class=\"elementor-element elementor-element-fec504a e-con-full e-flex wpr-particle-no wpr-jarallax-no wpr-parallax-no wpr-sticky-section-no wpr-column-slider-no wpr-equal-height-no e-con e-parent\" data-id=\"fec504a\" data-element_type=\"container\" data-e-type=\"container\">\n\t\t\t\t<div class=\"elementor-element elementor-element-44e1ea5 elementor-widget elementor-widget-text-editor\" data-id=\"44e1ea5\" data-element_type=\"widget\" data-e-type=\"widget\" data-widget_type=\"text-editor.default\">\n\t\t\t\t<div class=\"elementor-widget-container\">\n\t\t\t\t\t\t\t\t\t<p style=\"text-align: justify;\"><span style=\"font-size: 12pt;\"><a href=\"http:\/\/www.ceas-burkina.org\/wp-content\/uploads\/2024\/05\/13e-AGO-du-CEAS-Burkina2.jpg\"><img fetchpriority=\"high\" decoding=\"async\" class=\"size-full wp-image-14866 alignright\" src=\"http:\/\/www.ceas-burkina.org\/wp-content\/uploads\/2024\/05\/13e-AGO-du-CEAS-Burkina2.jpg\" alt=\"\" width=\"648\" height=\"432\" srcset=\"http:\/\/www.ceas-burkina.org\/wp-content\/uploads\/2024\/05\/13e-AGO-du-CEAS-Burkina2.jpg 648w, http:\/\/www.ceas-burkina.org\/wp-content\/uploads\/2024\/05\/13e-AGO-du-CEAS-Burkina2-300x200.jpg 300w, http:\/\/www.ceas-burkina.org\/wp-content\/uploads\/2024\/05\/13e-AGO-du-CEAS-Burkina2-600x400.jpg 600w\" sizes=\"(max-width: 648px) 100vw, 648px\" \/><\/a>Le samedi 23 mars 2024, s\u2019est tenue dans la salle de r\u00e9union de la maison des retrait\u00e9s Antoine Nanga, la 13eme Assembl\u00e9e G\u00e9n\u00e9rale Ordinaire (AGO) de l\u2019Association Centre Ecologique Albert Schweitzer du Burkina Faso \u00ab\u00a0CEAS Burkina\u00a0\u00bb.<\/span><\/p><p style=\"text-align: justify;\">\u00a0<\/p><p style=\"text-align: justify;\"><span style=\"font-size: 12pt;\">Conduite par le Pr\u00e9sident du Conseil d\u2019Administration, l\u2019AGO a \u00e9t\u00e9 marqu\u00e9 par plusieurs points notamment\u00a0:<\/span><\/p><ul style=\"text-align: justify;\"><li><span style=\"font-size: 12pt;\">La pr\u00e9sentation et l\u2019adoption du proc\u00e8s-verbal de l\u2019AGO du 04 mars 2023<\/span><\/li><li><span style=\"font-size: 12pt;\">La pr\u00e9sentation du bilan des activit\u00e9s 2023 du Conseil d\u2019Administration<\/span><\/li><li><span style=\"font-size: 12pt;\">La pr\u00e9sentation des rapports 2023 des commissaires aux comptes<\/span><\/li><li><span style=\"font-size: 12pt;\">Le bilan des activit\u00e9s de l\u2019ann\u00e9e 2023 de l\u2019\u00e9quipe op\u00e9rationnelle du CEAS Burkina<\/span><\/li><li><span style=\"font-size: 12pt;\">Les perspectives pour l\u2019ann\u00e9e 2024<\/span><\/li><\/ul><p style=\"text-align: justify;\"><span style=\"font-size: 12pt;\">Le dernier point abord\u00e9 avant la cl\u00f4ture de la 13eme AGO, a \u00e9t\u00e9 l\u2019examen des demandes d\u2019adh\u00e9sion.<\/span><\/p>\t\t\t\t\t\t\t\t<\/div>\n\t\t\t\t<\/div>\n\t\t\t\t<\/div>\n\t\t<div class=\"elementor-element elementor-element-0378186 e-con-full e-flex wpr-particle-no wpr-jarallax-no wpr-parallax-no wpr-sticky-section-no wpr-column-slider-no wpr-equal-height-no e-con e-parent\" data-id=\"0378186\" data-element_type=\"container\" data-e-type=\"container\">\n\t\t\t\t<div class=\"elementor-element elementor-element-3a209ae gallery-spacing-custom elementor-widget elementor-widget-image-gallery\" data-id=\"3a209ae\" data-element_type=\"widget\" data-e-type=\"widget\" data-widget_type=\"image-gallery.default\">\n\t\t\t\t<div class=\"elementor-widget-container\">\n\t\t\t\t\t\t\t<div class=\"elementor-image-gallery\">\n\t\t\t\n\t\t<style>\n\t\t\t#gallery-1 {\n\t\t\t\tmargin: auto;\n\t\t\t}\n\t\t\t#gallery-1 .gallery-item {\n\t\t\t\tfloat: left;\n\t\t\t\tmargin-top: 10px;\n\t\t\t\ttext-align: center;\n\t\t\t\twidth: 33%;\n\t\t\t}\n\t\t\t#gallery-1 img {\n\t\t\t\tborder: 2px solid #cfcfcf;\n\t\t\t}\n\t\t\t#gallery-1 .gallery-caption {\n\t\t\t\tmargin-left: 0;\n\t\t\t}\n\t\t\t\/* see gallery_shortcode() in wp-includes\/media.php *\/\n\t\t<\/style>\n\t\t<div id='gallery-1' class='gallery galleryid-14860 gallery-columns-3 gallery-size-medium_large'><dl class='gallery-item'>\n\t\t\t<dt class='gallery-icon landscape'>\n\t\t\t\t<a data-elementor-open-lightbox=\"yes\" data-elementor-lightbox-slideshow=\"3a209ae\" data-elementor-lightbox-title=\"13e AGO du CEAS Burkina3\" data-e-action-hash=\"#elementor-action%3Aaction%3Dlightbox%26settings%3DeyJpZCI6MTQ4NzYsInVybCI6Imh0dHBzOlwvXC93d3cuY2Vhcy1idXJraW5hLm9yZ1wvd3AtY29udGVudFwvdXBsb2Fkc1wvMjAyNFwvMDVcLzEzZS1BR08tZHUtQ0VBUy1CdXJraW5hMy5qcGciLCJzbGlkZXNob3ciOiIzYTIwOWFlIn0%3D\" href='https:\/\/www.ceas-burkina.org\/wp-content\/uploads\/2024\/05\/13e-AGO-du-CEAS-Burkina3.jpg'><img decoding=\"async\" width=\"647\" height=\"432\" src=\"https:\/\/www.ceas-burkina.org\/wp-content\/uploads\/2024\/05\/13e-AGO-du-CEAS-Burkina3.jpg\" class=\"attachment-medium_large size-medium_large\" alt=\"\" srcset=\"https:\/\/www.ceas-burkina.org\/wp-content\/uploads\/2024\/05\/13e-AGO-du-CEAS-Burkina3.jpg 647w, https:\/\/www.ceas-burkina.org\/wp-content\/uploads\/2024\/05\/13e-AGO-du-CEAS-Burkina3-300x200.jpg 300w, https:\/\/www.ceas-burkina.org\/wp-content\/uploads\/2024\/05\/13e-AGO-du-CEAS-Burkina3-600x401.jpg 600w\" sizes=\"(max-width: 647px) 100vw, 647px\" \/><\/a>\n\t\t\t<\/dt><\/dl><dl class='gallery-item'>\n\t\t\t<dt class='gallery-icon landscape'>\n\t\t\t\t<a data-elementor-open-lightbox=\"yes\" data-elementor-lightbox-slideshow=\"3a209ae\" data-elementor-lightbox-title=\"13e AGO du CEAS Burkina2\" data-e-action-hash=\"#elementor-action%3Aaction%3Dlightbox%26settings%3DeyJpZCI6MTQ4NjYsInVybCI6Imh0dHBzOlwvXC93d3cuY2Vhcy1idXJraW5hLm9yZ1wvd3AtY29udGVudFwvdXBsb2Fkc1wvMjAyNFwvMDVcLzEzZS1BR08tZHUtQ0VBUy1CdXJraW5hMi5qcGciLCJzbGlkZXNob3ciOiIzYTIwOWFlIn0%3D\" href='https:\/\/www.ceas-burkina.org\/wp-content\/uploads\/2024\/05\/13e-AGO-du-CEAS-Burkina2.jpg'><img decoding=\"async\" width=\"648\" height=\"432\" src=\"https:\/\/www.ceas-burkina.org\/wp-content\/uploads\/2024\/05\/13e-AGO-du-CEAS-Burkina2.jpg\" class=\"attachment-medium_large size-medium_large\" alt=\"\" srcset=\"https:\/\/www.ceas-burkina.org\/wp-content\/uploads\/2024\/05\/13e-AGO-du-CEAS-Burkina2.jpg 648w, https:\/\/www.ceas-burkina.org\/wp-content\/uploads\/2024\/05\/13e-AGO-du-CEAS-Burkina2-300x200.jpg 300w, https:\/\/www.ceas-burkina.org\/wp-content\/uploads\/2024\/05\/13e-AGO-du-CEAS-Burkina2-600x400.jpg 600w\" sizes=\"(max-width: 648px) 100vw, 648px\" \/><\/a>\n\t\t\t<\/dt><\/dl><dl class='gallery-item'>\n\t\t\t<dt class='gallery-icon landscape'>\n\t\t\t\t<a data-elementor-open-lightbox=\"yes\" data-elementor-lightbox-slideshow=\"3a209ae\" data-elementor-lightbox-title=\"13e AGO du CEAS Burkina\" data-e-action-hash=\"#elementor-action%3Aaction%3Dlightbox%26settings%3DeyJpZCI6MTQ4NjEsInVybCI6Imh0dHBzOlwvXC93d3cuY2Vhcy1idXJraW5hLm9yZ1wvd3AtY29udGVudFwvdXBsb2Fkc1wvMjAyNFwvMDVcLzEzZS1BR08tZHUtQ0VBUy1CdXJraW5hLmpwZyIsInNsaWRlc2hvdyI6IjNhMjA5YWUifQ%3D%3D\" href='https:\/\/www.ceas-burkina.org\/wp-content\/uploads\/2024\/05\/13e-AGO-du-CEAS-Burkina.jpg'><img loading=\"lazy\" decoding=\"async\" width=\"647\" height=\"432\" src=\"https:\/\/www.ceas-burkina.org\/wp-content\/uploads\/2024\/05\/13e-AGO-du-CEAS-Burkina.jpg\" class=\"attachment-medium_large size-medium_large\" alt=\"\" srcset=\"https:\/\/www.ceas-burkina.org\/wp-content\/uploads\/2024\/05\/13e-AGO-du-CEAS-Burkina.jpg 647w, https:\/\/www.ceas-burkina.org\/wp-content\/uploads\/2024\/05\/13e-AGO-du-CEAS-Burkina-300x200.jpg 300w, https:\/\/www.ceas-burkina.org\/wp-content\/uploads\/2024\/05\/13e-AGO-du-CEAS-Burkina-600x401.jpg 600w\" sizes=\"(max-width: 647px) 100vw, 647px\" \/><\/a>\n\t\t\t<\/dt><\/dl><br style=\"clear: both\" \/>\n\t\t<\/div>\n\t\t<\/div>\n\t\t\t\t\t\t<\/div>\n\t\t\t\t<\/div>\n\t\t\t\t<\/div>\n\t\t\t\t<\/div>\n\t\t","protected":false},"excerpt":{"rendered":"<p>Le samedi 23 mars 2024, s\u2019est tenue dans la salle de r\u00e9union de la maison des retrait\u00e9s Antoine Nanga, la 13eme Assembl\u00e9e G\u00e9n\u00e9rale Ordinaire (AGO) de l\u2019Association Centre Ecologique Albert Schweitzer du Burkina Faso \u00ab\u00a0CEAS Burkina\u00a0\u00bb. \u00a0 Conduite par le Pr\u00e9sident du Conseil d\u2019Administration, l\u2019AGO a \u00e9t\u00e9 marqu\u00e9 par plusieurs points notamment\u00a0: La pr\u00e9sentation et l\u2019adoption du proc\u00e8s-verbal de l\u2019AGO du 04 mars 2023 La pr\u00e9sentation du bilan des activit\u00e9s 2023 du Conseil d\u2019Administration La pr\u00e9sentation des rapports 2023 des commissaires aux comptes Le bilan des activit\u00e9s de l\u2019ann\u00e9e 2023 de l\u2019\u00e9quipe op\u00e9rationnelle du CEAS Burkina Les perspectives pour l\u2019ann\u00e9e 2024 Le dernier point abord\u00e9 avant la cl\u00f4ture de la 13eme AGO, a \u00e9t\u00e9 l\u2019examen des demandes d\u2019adh\u00e9sion.<\/p>\n","protected":false},"author":1,"featured_media":14861,"comment_status":"closed","ping_status":"closed","sticky":false,"template":"","format":"standard","meta":{"give_campaign_id":0,"footnotes":""},"categories":[49],"tags":[],"class_list":["post-14860","post","type-post","status-publish","format-standard","has-post-thumbnail","hentry","category-actualite-et-evenements"],"yoast_head":"<!-- This site is optimized with the Yoast SEO plugin v28.3 - https:\/\/yoast.com\/product\/yoast-seo-wordpress\/ -->\n<title>13e AGO du CEAS Burkina - CEAS<\/title>\n<meta name=\"robots\" content=\"index, follow, max-snippet:-1, max-image-preview:large, max-video-preview:-1\" \/>\n<link rel=\"canonical\" href=\"https:\/\/www.ceas-burkina.org\/?p=14860\" \/>\n<meta property=\"og:locale\" content=\"fr_FR\" \/>\n<meta property=\"og:type\" content=\"article\" \/>\n<meta property=\"og:title\" content=\"13e AGO du CEAS Burkina - CEAS\" \/>\n<meta property=\"og:description\" content=\"Le samedi 23 mars 2024, s\u2019est tenue dans la salle de r\u00e9union de la maison des retrait\u00e9s Antoine Nanga, la 13eme Assembl\u00e9e G\u00e9n\u00e9rale Ordinaire (AGO) de l\u2019Association Centre Ecologique Albert Schweitzer du Burkina Faso \u00ab\u00a0CEAS Burkina\u00a0\u00bb. \u00a0 Conduite par le Pr\u00e9sident du Conseil d\u2019Administration, l\u2019AGO a \u00e9t\u00e9 marqu\u00e9 par plusieurs points notamment\u00a0: La pr\u00e9sentation et l\u2019adoption du proc\u00e8s-verbal de l\u2019AGO du 04 mars 2023 La pr\u00e9sentation du bilan des activit\u00e9s 2023 du Conseil d\u2019Administration La pr\u00e9sentation des rapports 2023 des commissaires aux comptes Le bilan des activit\u00e9s de l\u2019ann\u00e9e 2023 de l\u2019\u00e9quipe op\u00e9rationnelle du CEAS Burkina Les perspectives pour l\u2019ann\u00e9e 2024 Le dernier point abord\u00e9 avant la cl\u00f4ture de la 13eme AGO, a \u00e9t\u00e9 l\u2019examen des demandes d\u2019adh\u00e9sion.\" \/>\n<meta property=\"og:url\" content=\"https:\/\/www.ceas-burkina.org\/?p=14860\" \/>\n<meta property=\"og:site_name\" content=\"CEAS\" \/>\n<meta property=\"article:publisher\" content=\"https:\/\/web.facebook.com\/ceas.burkina2009\" \/>\n<meta property=\"article:published_time\" content=\"2024-05-01T21:47:08+00:00\" \/>\n<meta property=\"article:modified_time\" content=\"2024-05-01T21:53:11+00:00\" \/>\n<meta property=\"og:image\" content=\"https:\/\/www.ceas-burkina.org\/wp-content\/uploads\/2024\/05\/13e-AGO-du-CEAS-Burkina.jpg\" \/>\n\t<meta property=\"og:image:width\" content=\"647\" \/>\n\t<meta property=\"og:image:height\" content=\"432\" \/>\n\t<meta property=\"og:image:type\" content=\"image\/jpeg\" \/>\n<meta name=\"author\" content=\"nebisma\" \/>\n<meta name=\"twitter:card\" content=\"summary_large_image\" \/>\n<meta name=\"twitter:label1\" content=\"\u00c9crit par\" \/>\n\t<meta name=\"twitter:data1\" content=\"nebisma\" \/>\n\t<meta name=\"twitter:label2\" content=\"Dur\u00e9e de lecture estim\u00e9e\" \/>\n\t<meta name=\"twitter:data2\" content=\"1 minute\" \/>\n<script type=\"application\/ld+json\" class=\"yoast-schema-graph\">{\"@context\":\"https:\\\/\\\/schema.org\",\"@graph\":[{\"@type\":\"Article\",\"@id\":\"https:\\\/\\\/www.ceas-burkina.org\\\/?p=14860#article\",\"isPartOf\":{\"@id\":\"https:\\\/\\\/www.ceas-burkina.org\\\/?p=14860\"},\"author\":{\"name\":\"nebisma\",\"@id\":\"https:\\\/\\\/www.ceas-burkina.org\\\/#\\\/schema\\\/person\\\/6d613a682698165a8e60d54c95c0cbeb\"},\"headline\":\"13e AGO du CEAS Burkina\",\"datePublished\":\"2024-05-01T21:47:08+00:00\",\"dateModified\":\"2024-05-01T21:53:11+00:00\",\"mainEntityOfPage\":{\"@id\":\"https:\\\/\\\/www.ceas-burkina.org\\\/?p=14860\"},\"wordCount\":143,\"publisher\":{\"@id\":\"https:\\\/\\\/www.ceas-burkina.org\\\/#organization\"},\"image\":{\"@id\":\"https:\\\/\\\/www.ceas-burkina.org\\\/?p=14860#primaryimage\"},\"thumbnailUrl\":\"http:\\\/\\\/www.ceas-burkina.org\\\/wp-content\\\/uploads\\\/2024\\\/05\\\/13e-AGO-du-CEAS-Burkina.jpg\",\"articleSection\":[\"Actualit\u00e9 et \u00e9v\u00e8nements\"],\"inLanguage\":\"fr-FR\"},{\"@type\":\"WebPage\",\"@id\":\"https:\\\/\\\/www.ceas-burkina.org\\\/?p=14860\",\"url\":\"https:\\\/\\\/www.ceas-burkina.org\\\/?p=14860\",\"name\":\"13e AGO du CEAS Burkina - CEAS\",\"isPartOf\":{\"@id\":\"https:\\\/\\\/www.ceas-burkina.org\\\/#website\"},\"primaryImageOfPage\":{\"@id\":\"https:\\\/\\\/www.ceas-burkina.org\\\/?p=14860#primaryimage\"},\"image\":{\"@id\":\"https:\\\/\\\/www.ceas-burkina.org\\\/?p=14860#primaryimage\"},\"thumbnailUrl\":\"http:\\\/\\\/www.ceas-burkina.org\\\/wp-content\\\/uploads\\\/2024\\\/05\\\/13e-AGO-du-CEAS-Burkina.jpg\",\"datePublished\":\"2024-05-01T21:47:08+00:00\",\"dateModified\":\"2024-05-01T21:53:11+00:00\",\"breadcrumb\":{\"@id\":\"https:\\\/\\\/www.ceas-burkina.org\\\/?p=14860#breadcrumb\"},\"inLanguage\":\"fr-FR\",\"potentialAction\":[{\"@type\":\"ReadAction\",\"target\":[\"https:\\\/\\\/www.ceas-burkina.org\\\/?p=14860\"]}]},{\"@type\":\"ImageObject\",\"inLanguage\":\"fr-FR\",\"@id\":\"https:\\\/\\\/www.ceas-burkina.org\\\/?p=14860#primaryimage\",\"url\":\"http:\\\/\\\/www.ceas-burkina.org\\\/wp-content\\\/uploads\\\/2024\\\/05\\\/13e-AGO-du-CEAS-Burkina.jpg\",\"contentUrl\":\"http:\\\/\\\/www.ceas-burkina.org\\\/wp-content\\\/uploads\\\/2024\\\/05\\\/13e-AGO-du-CEAS-Burkina.jpg\",\"width\":647,\"height\":432},{\"@type\":\"BreadcrumbList\",\"@id\":\"https:\\\/\\\/www.ceas-burkina.org\\\/?p=14860#breadcrumb\",\"itemListElement\":[{\"@type\":\"ListItem\",\"position\":1,\"name\":\"Accueil\",\"item\":\"https:\\\/\\\/www.ceas-burkina.org\\\/\"},{\"@type\":\"ListItem\",\"position\":2,\"name\":\"13e AGO du CEAS Burkina\"}]},{\"@type\":\"WebSite\",\"@id\":\"https:\\\/\\\/www.ceas-burkina.org\\\/#website\",\"url\":\"https:\\\/\\\/www.ceas-burkina.org\\\/\",\"name\":\"CEAS\",\"description\":\"\u00ab Le d\u00e9veloppement durable c\u2019est allier l\u2019\u00e9cologie \u00e0 l\u2019\u00e9conomie \u00bb\",\"publisher\":{\"@id\":\"https:\\\/\\\/www.ceas-burkina.org\\\/#organization\"},\"potentialAction\":[{\"@type\":\"SearchAction\",\"target\":{\"@type\":\"EntryPoint\",\"urlTemplate\":\"https:\\\/\\\/www.ceas-burkina.org\\\/?s={search_term_string}\"},\"query-input\":{\"@type\":\"PropertyValueSpecification\",\"valueRequired\":true,\"valueName\":\"search_term_string\"}}],\"inLanguage\":\"fr-FR\"},{\"@type\":\"Organization\",\"@id\":\"https:\\\/\\\/www.ceas-burkina.org\\\/#organization\",\"name\":\"CEAS BURKINA\",\"url\":\"https:\\\/\\\/www.ceas-burkina.org\\\/\",\"logo\":{\"@type\":\"ImageObject\",\"inLanguage\":\"fr-FR\",\"@id\":\"https:\\\/\\\/www.ceas-burkina.org\\\/#\\\/schema\\\/logo\\\/image\\\/\",\"url\":\"http:\\\/\\\/www.ceas-burkina.org\\\/wp-content\\\/uploads\\\/2024\\\/02\\\/Logo-CEASsitefav.png\",\"contentUrl\":\"http:\\\/\\\/www.ceas-burkina.org\\\/wp-content\\\/uploads\\\/2024\\\/02\\\/Logo-CEASsitefav.png\",\"width\":70,\"height\":83,\"caption\":\"CEAS BURKINA\"},\"image\":{\"@id\":\"https:\\\/\\\/www.ceas-burkina.org\\\/#\\\/schema\\\/logo\\\/image\\\/\"},\"sameAs\":[\"https:\\\/\\\/web.facebook.com\\\/ceas.burkina2009\",\"https:\\\/\\\/www.linkedin.com\\\/company\\\/ceas-burkina\\\/\"]},{\"@type\":\"Person\",\"@id\":\"https:\\\/\\\/www.ceas-burkina.org\\\/#\\\/schema\\\/person\\\/6d613a682698165a8e60d54c95c0cbeb\",\"name\":\"nebisma\",\"image\":{\"@type\":\"ImageObject\",\"inLanguage\":\"fr-FR\",\"@id\":\"https:\\\/\\\/secure.gravatar.com\\\/avatar\\\/479ce30e14d49b349bcd2205b1d07d97dc84e56694717571ff30cbfb70ca29c1?s=96&d=mm&r=g\",\"url\":\"https:\\\/\\\/secure.gravatar.com\\\/avatar\\\/479ce30e14d49b349bcd2205b1d07d97dc84e56694717571ff30cbfb70ca29c1?s=96&d=mm&r=g\",\"contentUrl\":\"https:\\\/\\\/secure.gravatar.com\\\/avatar\\\/479ce30e14d49b349bcd2205b1d07d97dc84e56694717571ff30cbfb70ca29c1?s=96&d=mm&r=g\",\"caption\":\"nebisma\"},\"sameAs\":[\"https:\\\/\\\/www.ceas-burkina.org\"],\"url\":\"http:\\\/\\\/www.ceas-burkina.org\\\/?author=1\"}]}<\/script>\n<!-- \/ Yoast SEO plugin. -->","yoast_head_json":{"title":"13e AGO du CEAS Burkina - CEAS","robots":{"index":"index","follow":"follow","max-snippet":"max-snippet:-1","max-image-preview":"max-image-preview:large","max-video-preview":"max-video-preview:-1"},"canonical":"https:\/\/www.ceas-burkina.org\/?p=14860","og_locale":"fr_FR","og_type":"article","og_title":"13e AGO du CEAS Burkina - CEAS","og_description":"Le samedi 23 mars 2024, s\u2019est tenue dans la salle de r\u00e9union de la maison des retrait\u00e9s Antoine Nanga, la 13eme Assembl\u00e9e G\u00e9n\u00e9rale Ordinaire (AGO) de l\u2019Association Centre Ecologique Albert Schweitzer du Burkina Faso \u00ab\u00a0CEAS Burkina\u00a0\u00bb. \u00a0 Conduite par le Pr\u00e9sident du Conseil d\u2019Administration, l\u2019AGO a \u00e9t\u00e9 marqu\u00e9 par plusieurs points notamment\u00a0: La pr\u00e9sentation et l\u2019adoption du proc\u00e8s-verbal de l\u2019AGO du 04 mars 2023 La pr\u00e9sentation du bilan des activit\u00e9s 2023 du Conseil d\u2019Administration La pr\u00e9sentation des rapports 2023 des commissaires aux comptes Le bilan des activit\u00e9s de l\u2019ann\u00e9e 2023 de l\u2019\u00e9quipe op\u00e9rationnelle du CEAS Burkina Les perspectives pour l\u2019ann\u00e9e 2024 Le dernier point abord\u00e9 avant la cl\u00f4ture de la 13eme AGO, a \u00e9t\u00e9 l\u2019examen des demandes d\u2019adh\u00e9sion.","og_url":"https:\/\/www.ceas-burkina.org\/?p=14860","og_site_name":"CEAS","article_publisher":"https:\/\/web.facebook.com\/ceas.burkina2009","article_published_time":"2024-05-01T21:47:08+00:00","article_modified_time":"2024-05-01T21:53:11+00:00","og_image":[{"width":647,"height":432,"url":"https:\/\/www.ceas-burkina.org\/wp-content\/uploads\/2024\/05\/13e-AGO-du-CEAS-Burkina.jpg","type":"image\/jpeg"}],"author":"nebisma","twitter_card":"summary_large_image","twitter_misc":{"\u00c9crit par":"nebisma","Dur\u00e9e de lecture estim\u00e9e":"1 minute"},"schema":{"@context":"https:\/\/schema.org","@graph":[{"@type":"Article","@id":"https:\/\/www.ceas-burkina.org\/?p=14860#article","isPartOf":{"@id":"https:\/\/www.ceas-burkina.org\/?p=14860"},"author":{"name":"nebisma","@id":"https:\/\/www.ceas-burkina.org\/#\/schema\/person\/6d613a682698165a8e60d54c95c0cbeb"},"headline":"13e AGO du CEAS Burkina","datePublished":"2024-05-01T21:47:08+00:00","dateModified":"2024-05-01T21:53:11+00:00","mainEntityOfPage":{"@id":"https:\/\/www.ceas-burkina.org\/?p=14860"},"wordCount":143,"publisher":{"@id":"https:\/\/www.ceas-burkina.org\/#organization"},"image":{"@id":"https:\/\/www.ceas-burkina.org\/?p=14860#primaryimage"},"thumbnailUrl":"http:\/\/www.ceas-burkina.org\/wp-content\/uploads\/2024\/05\/13e-AGO-du-CEAS-Burkina.jpg","articleSection":["Actualit\u00e9 et \u00e9v\u00e8nements"],"inLanguage":"fr-FR"},{"@type":"WebPage","@id":"https:\/\/www.ceas-burkina.org\/?p=14860","url":"https:\/\/www.ceas-burkina.org\/?p=14860","name":"13e AGO du CEAS Burkina - CEAS","isPartOf":{"@id":"https:\/\/www.ceas-burkina.org\/#website"},"primaryImageOfPage":{"@id":"https:\/\/www.ceas-burkina.org\/?p=14860#primaryimage"},"image":{"@id":"https:\/\/www.ceas-burkina.org\/?p=14860#primaryimage"},"thumbnailUrl":"http:\/\/www.ceas-burkina.org\/wp-content\/uploads\/2024\/05\/13e-AGO-du-CEAS-Burkina.jpg","datePublished":"2024-05-01T21:47:08+00:00","dateModified":"2024-05-01T21:53:11+00:00","breadcrumb":{"@id":"https:\/\/www.ceas-burkina.org\/?p=14860#breadcrumb"},"inLanguage":"fr-FR","potentialAction":[{"@type":"ReadAction","target":["https:\/\/www.ceas-burkina.org\/?p=14860"]}]},{"@type":"ImageObject","inLanguage":"fr-FR","@id":"https:\/\/www.ceas-burkina.org\/?p=14860#primaryimage","url":"http:\/\/www.ceas-burkina.org\/wp-content\/uploads\/2024\/05\/13e-AGO-du-CEAS-Burkina.jpg","contentUrl":"http:\/\/www.ceas-burkina.org\/wp-content\/uploads\/2024\/05\/13e-AGO-du-CEAS-Burkina.jpg","width":647,"height":432},{"@type":"BreadcrumbList","@id":"https:\/\/www.ceas-burkina.org\/?p=14860#breadcrumb","itemListElement":[{"@type":"ListItem","position":1,"name":"Accueil","item":"https:\/\/www.ceas-burkina.org\/"},{"@type":"ListItem","position":2,"name":"13e AGO du CEAS Burkina"}]},{"@type":"WebSite","@id":"https:\/\/www.ceas-burkina.org\/#website","url":"https:\/\/www.ceas-burkina.org\/","name":"CEAS","description":"\u00ab Le d\u00e9veloppement durable c\u2019est allier l\u2019\u00e9cologie \u00e0 l\u2019\u00e9conomie \u00bb","publisher":{"@id":"https:\/\/www.ceas-burkina.org\/#organization"},"potentialAction":[{"@type":"SearchAction","target":{"@type":"EntryPoint","urlTemplate":"https:\/\/www.ceas-burkina.org\/?s={search_term_string}"},"query-input":{"@type":"PropertyValueSpecification","valueRequired":true,"valueName":"search_term_string"}}],"inLanguage":"fr-FR"},{"@type":"Organization","@id":"https:\/\/www.ceas-burkina.org\/#organization","name":"CEAS BURKINA","url":"https:\/\/www.ceas-burkina.org\/","logo":{"@type":"ImageObject","inLanguage":"fr-FR","@id":"https:\/\/www.ceas-burkina.org\/#\/schema\/logo\/image\/","url":"http:\/\/www.ceas-burkina.org\/wp-content\/uploads\/2024\/02\/Logo-CEASsitefav.png","contentUrl":"http:\/\/www.ceas-burkina.org\/wp-content\/uploads\/2024\/02\/Logo-CEASsitefav.png","width":70,"height":83,"caption":"CEAS BURKINA"},"image":{"@id":"https:\/\/www.ceas-burkina.org\/#\/schema\/logo\/image\/"},"sameAs":["https:\/\/web.facebook.com\/ceas.burkina2009","https:\/\/www.linkedin.com\/company\/ceas-burkina\/"]},{"@type":"Person","@id":"https:\/\/www.ceas-burkina.org\/#\/schema\/person\/6d613a682698165a8e60d54c95c0cbeb","name":"nebisma","image":{"@type":"ImageObject","inLanguage":"fr-FR","@id":"https:\/\/secure.gravatar.com\/avatar\/479ce30e14d49b349bcd2205b1d07d97dc84e56694717571ff30cbfb70ca29c1?s=96&d=mm&r=g","url":"https:\/\/secure.gravatar.com\/avatar\/479ce30e14d49b349bcd2205b1d07d97dc84e56694717571ff30cbfb70ca29c1?s=96&d=mm&r=g","contentUrl":"https:\/\/secure.gravatar.com\/avatar\/479ce30e14d49b349bcd2205b1d07d97dc84e56694717571ff30cbfb70ca29c1?s=96&d=mm&r=g","caption":"nebisma"},"sameAs":["https:\/\/www.ceas-burkina.org"],"url":"http:\/\/www.ceas-burkina.org\/?author=1"}]}},"_links":{"self":[{"href":"http:\/\/www.ceas-burkina.org\/index.php?rest_route=\/wp\/v2\/posts\/14860","targetHints":{"allow":["GET"]}}],"collection":[{"href":"http:\/\/www.ceas-burkina.org\/index.php?rest_route=\/wp\/v2\/posts"}],"about":[{"href":"http:\/\/www.ceas-burkina.org\/index.php?rest_route=\/wp\/v2\/types\/post"}],"author":[{"embeddable":true,"href":"http:\/\/www.ceas-burkina.org\/index.php?rest_route=\/wp\/v2\/users\/1"}],"replies":[{"embeddable":true,"href":"http:\/\/www.ceas-burkina.org\/index.php?rest_route=%2Fwp%2Fv2%2Fcomments&post=14860"}],"version-history":[{"count":16,"href":"http:\/\/www.ceas-burkina.org\/index.php?rest_route=\/wp\/v2\/posts\/14860\/revisions"}],"predecessor-version":[{"id":14879,"href":"http:\/\/www.ceas-burkina.org\/index.php?rest_route=\/wp\/v2\/posts\/14860\/revisions\/14879"}],"wp:featuredmedia":[{"embeddable":true,"href":"http:\/\/www.ceas-burkina.org\/index.php?rest_route=\/wp\/v2\/media\/14861"}],"wp:attachment":[{"href":"http:\/\/www.ceas-burkina.org\/index.php?rest_route=%2Fwp%2Fv2%2Fmedia&parent=14860"}],"wp:term":[{"taxonomy":"category","embeddable":true,"href":"http:\/\/www.ceas-burkina.org\/index.php?rest_route=%2Fwp%2Fv2%2Fcategories&post=14860"},{"taxonomy":"post_tag","embeddable":true,"href":"http:\/\/www.ceas-burkina.org\/index.php?rest_route=%2Fwp%2Fv2%2Ftags&post=14860"}],"curies":[{"name":"wp","href":"https:\/\/api.w.org\/{rel}","templated":true}]}}